{"id":686,"date":"2022-03-24T14:47:33","date_gmt":"2022-03-24T13:47:33","guid":{"rendered":"https:\/\/ljusljudmusik.com\/?p=686"},"modified":"2022-03-24T14:47:33","modified_gmt":"2022-03-24T13:47:33","slug":"manifestation-for-ukraina","status":"publish","type":"post","link":"https:\/\/ljusljudmusik.com\/index.php\/2022\/03\/24\/manifestation-for-ukraina\/","title":{"rendered":"Manifestation f\u00f6r Ukraina!"},"content":{"rendered":"\n<figure class=\"wp-block-image size-large\"><img loading=\"lazy\" width=\"333\" height=\"200\" src=\"https:\/\/ljusljudmusik.com\/wp-content\/uploads\/2022\/03\/UKRAINA.FLAGGA.90X60CM.jpeg\" alt=\"\" class=\"wp-image-685\" srcset=\"https:\/\/ljusljudmusik.com\/wp-content\/uploads\/2022\/03\/UKRAINA.FLAGGA.90X60CM.jpeg 333w, https:\/\/ljusljudmusik.com\/wp-content\/uploads\/2022\/03\/UKRAINA.FLAGGA.90X60CM-300x180.jpeg 300w\" sizes=\"(max-width: 333px) 100vw, 333px\" \/><\/figure>\n\n\n\n<p>Just nu jobbar vi febrilt p\u00e5 en Manifestation f\u00f6r Ukraina. P\u00e5 festplatsen h\u00e4r i Bodarna L\u00f6rdagen den 9\/4 Kl.16.00. Det kommer att bli plantering av solrosfr\u00f6n, spelm\u00e4n, v\u00e5fflor, f\u00f6rs\u00e4ljning av olika former, information av olika organisationer, tal och radio. Allt \u00f6verskott g\u00e5r till Ukraina. M\u00e5nga vettiga id\u00e9er har kommit in som nu skall f\u00f6rverkligas. Fred, frihet och \u00f6ppenhet \u00e4r inget vi skall ta f\u00f6r givet. Vi f\u00e5r jobba f\u00f6r det.<\/p>\n","protected":false},"excerpt":{"rendered":"<p>Just nu jobbar vi febrilt p\u00e5 en Manifestation f\u00f6r Ukraina. P\u00e5 festplatsen h\u00e4r i Bodarna L\u00f6rdagen den 9\/4 Kl.16.00. Det kommer att bli plantering av solrosfr\u00f6n, spelm\u00e4n, v\u00e5fflor, f\u00f6rs\u00e4ljning av olika former, information av olika organisationer, tal och radio. Allt \u00f6verskott g\u00e5r till Ukraina. M\u00e5nga vettiga id\u00e9er har kommit in som nu skall f\u00f6rverkligas. Fred,&hellip; <a class=\"more-link\" href=\"https:\/\/ljusljudmusik.com\/index.php\/2022\/03\/24\/manifestation-for-ukraina\/\">Forts\u00e4tt l\u00e4sa <span class=\"screen-reader-text\">Manifestation f\u00f6r Ukraina!<\/span><\/a><\/p>\n","protected":false},"author":1,"featured_media":0,"comment_status":"open","ping_status":"open","sticky":false,"template":"","format":"standard","meta":[],"categories":[1],"tags":[],"_links":{"self":[{"href":"https:\/\/ljusljudmusik.com\/index.php\/wp-json\/wp\/v2\/posts\/686"}],"collection":[{"href":"https:\/\/ljusljudmusik.com\/index.php\/wp-json\/wp\/v2\/posts"}],"about":[{"href":"https:\/\/ljusljudmusik.com\/index.php\/wp-json\/wp\/v2\/types\/post"}],"author":[{"embeddable":true,"href":"https:\/\/ljusljudmusik.com\/index.php\/wp-json\/wp\/v2\/users\/1"}],"replies":[{"embeddable":true,"href":"https:\/\/ljusljudmusik.com\/index.php\/wp-json\/wp\/v2\/comments?post=686"}],"version-history":[{"count":1,"href":"https:\/\/ljusljudmusik.com\/index.php\/wp-json\/wp\/v2\/posts\/686\/revisions"}],"predecessor-version":[{"id":687,"href":"https:\/\/ljusljudmusik.com\/index.php\/wp-json\/wp\/v2\/posts\/686\/revisions\/687"}],"wp:attachment":[{"href":"https:\/\/ljusljudmusik.com\/index.php\/wp-json\/wp\/v2\/media?parent=686"}],"wp:term":[{"taxonomy":"category","embeddable":true,"href":"https:\/\/ljusljudmusik.com\/index.php\/wp-json\/wp\/v2\/categories?post=686"},{"taxonomy":"post_tag","embeddable":true,"href":"https:\/\/ljusljudmusik.com\/index.php\/wp-json\/wp\/v2\/tags?post=686"}],"curies":[{"name":"wp","href":"https:\/\/api.w.org\/{rel}","templated":true}]}}