{"id":622,"date":"2022-02-01T11:46:06","date_gmt":"2022-02-01T10:46:06","guid":{"rendered":"https:\/\/ljusljudmusik.com\/?p=622"},"modified":"2022-02-01T11:46:06","modified_gmt":"2022-02-01T10:46:06","slug":"tors-man-tro-att-det-ar-sant","status":"publish","type":"post","link":"https:\/\/ljusljudmusik.com\/index.php\/2022\/02\/01\/tors-man-tro-att-det-ar-sant\/","title":{"rendered":"T\u00f6rs man tro att det \u00e4r sant?!"},"content":{"rendered":"\n<figure class=\"wp-block-gallery columns-2 is-cropped\"><ul class=\"blocks-gallery-grid\"><li class=\"blocks-gallery-item\"><figure><img loading=\"lazy\" width=\"1024\" height=\"768\" src=\"https:\/\/ljusljudmusik.com\/wp-content\/uploads\/2022\/01\/20220131_122805-1024x768.jpg\" alt=\"\" data-id=\"623\" data-full-url=\"https:\/\/ljusljudmusik.com\/wp-content\/uploads\/2022\/01\/20220131_122805.jpg\" data-link=\"https:\/\/ljusljudmusik.com\/?attachment_id=623\" class=\"wp-image-623\" srcset=\"https:\/\/ljusljudmusik.com\/wp-content\/uploads\/2022\/01\/20220131_122805-1024x768.jpg 1024w, https:\/\/ljusljudmusik.com\/wp-content\/uploads\/2022\/01\/20220131_122805-300x225.jpg 300w, https:\/\/ljusljudmusik.com\/wp-content\/uploads\/2022\/01\/20220131_122805-768x576.jpg 768w, https:\/\/ljusljudmusik.com\/wp-content\/uploads\/2022\/01\/20220131_122805-1536x1152.jpg 1536w, https:\/\/ljusljudmusik.com\/wp-content\/uploads\/2022\/01\/20220131_122805-1568x1176.jpg 1568w, https:\/\/ljusljudmusik.com\/wp-content\/uploads\/2022\/01\/20220131_122805.jpg 1612w\" sizes=\"(max-width: 1024px) 100vw, 1024px\" \/><\/figure><\/li><li class=\"blocks-gallery-item\"><figure><img loading=\"lazy\" width=\"1024\" height=\"768\" src=\"https:\/\/ljusljudmusik.com\/wp-content\/uploads\/2022\/01\/20220131_122757-1024x768.jpg\" alt=\"\" data-id=\"624\" data-full-url=\"https:\/\/ljusljudmusik.com\/wp-content\/uploads\/2022\/01\/20220131_122757.jpg\" data-link=\"https:\/\/ljusljudmusik.com\/?attachment_id=624\" class=\"wp-image-624\" srcset=\"https:\/\/ljusljudmusik.com\/wp-content\/uploads\/2022\/01\/20220131_122757-1024x768.jpg 1024w, https:\/\/ljusljudmusik.com\/wp-content\/uploads\/2022\/01\/20220131_122757-300x225.jpg 300w, https:\/\/ljusljudmusik.com\/wp-content\/uploads\/2022\/01\/20220131_122757-768x576.jpg 768w, https:\/\/ljusljudmusik.com\/wp-content\/uploads\/2022\/01\/20220131_122757-1536x1152.jpg 1536w, https:\/\/ljusljudmusik.com\/wp-content\/uploads\/2022\/01\/20220131_122757-1568x1176.jpg 1568w, https:\/\/ljusljudmusik.com\/wp-content\/uploads\/2022\/01\/20220131_122757.jpg 1612w\" sizes=\"(max-width: 1024px) 100vw, 1024px\" \/><\/figure><\/li><\/ul><\/figure>\n\n\n\n<p>Os\u00e4kerheten i om man skall kunna k\u00f6ra olika evenemang har v\u00e4l aldrig varit s\u00e5 stor som nu. H\u00e5ller sig alla friska, t\u00f6rs publiken komma, blir det ytterligare restriktioner eller blir det inga restriktioner.  Nu \u00e4r det i alla fall p\u00e5 g\u00e5ng att ut och lufta lite pryttlar. L\u00e4ge att provk\u00f6ra och planera upp det. I \u00f6vrigt s\u00e5 \u00e4r det telefon och teamsm\u00f6ten med projektering av ett projekt som vi hoppas kunna sj\u00f6s\u00e4tta under v\u00e5ren. Glad i att vi har fler \u00e4gg i korgen s\u00e5 att man kan kasta sig p\u00e5 det. Att det har blivit s\u00e5 \u00e4r d\u00e4rf\u00f6r att, n\u00e4r postproduktions \u00e5ngesten sl\u00e5r till vill man ha n\u00e5got emot det. De som arbetat med en produktion under l\u00e5ng tid, k\u00e4nslan n\u00e4r rid\u00e5n sista f\u00f6rest\u00e4llningen g\u00e5r vet vad jag pratar om.  D\u00e5 g\u00e4ller det att ha n\u00e5got annat att ta tag i. Tur det, f\u00f6r vem hade r\u00e4knat med n\u00e4ringsf\u00f6rbud i n\u00e4stan tv\u00e5 \u00e5r, med undantag f\u00f6r en lite andningspaus under senh\u00f6sten och b\u00f6rjan av December. <\/p>\n","protected":false},"excerpt":{"rendered":"<p>Os\u00e4kerheten i om man skall kunna k\u00f6ra olika evenemang har v\u00e4l aldrig varit s\u00e5 stor som nu. H\u00e5ller sig alla friska, t\u00f6rs publiken komma, blir det ytterligare restriktioner eller blir det inga restriktioner. Nu \u00e4r det i alla fall p\u00e5 g\u00e5ng att ut och lufta lite pryttlar. L\u00e4ge att provk\u00f6ra och planera upp det. I&hellip; <a class=\"more-link\" href=\"https:\/\/ljusljudmusik.com\/index.php\/2022\/02\/01\/tors-man-tro-att-det-ar-sant\/\">Forts\u00e4tt l\u00e4sa <span class=\"screen-reader-text\">T\u00f6rs man tro att det \u00e4r sant?!<\/span><\/a><\/p>\n","protected":false},"author":1,"featured_media":0,"comment_status":"open","ping_status":"open","sticky":false,"template":"","format":"standard","meta":[],"categories":[1],"tags":[],"_links":{"self":[{"href":"https:\/\/ljusljudmusik.com\/index.php\/wp-json\/wp\/v2\/posts\/622"}],"collection":[{"href":"https:\/\/ljusljudmusik.com\/index.php\/wp-json\/wp\/v2\/posts"}],"about":[{"href":"https:\/\/ljusljudmusik.com\/index.php\/wp-json\/wp\/v2\/types\/post"}],"author":[{"embeddable":true,"href":"https:\/\/ljusljudmusik.com\/index.php\/wp-json\/wp\/v2\/users\/1"}],"replies":[{"embeddable":true,"href":"https:\/\/ljusljudmusik.com\/index.php\/wp-json\/wp\/v2\/comments?post=622"}],"version-history":[{"count":1,"href":"https:\/\/ljusljudmusik.com\/index.php\/wp-json\/wp\/v2\/posts\/622\/revisions"}],"predecessor-version":[{"id":625,"href":"https:\/\/ljusljudmusik.com\/index.php\/wp-json\/wp\/v2\/posts\/622\/revisions\/625"}],"wp:attachment":[{"href":"https:\/\/ljusljudmusik.com\/index.php\/wp-json\/wp\/v2\/media?parent=622"}],"wp:term":[{"taxonomy":"category","embeddable":true,"href":"https:\/\/ljusljudmusik.com\/index.php\/wp-json\/wp\/v2\/categories?post=622"},{"taxonomy":"post_tag","embeddable":true,"href":"https:\/\/ljusljudmusik.com\/index.php\/wp-json\/wp\/v2\/tags?post=622"}],"curies":[{"name":"wp","href":"https:\/\/api.w.org\/{rel}","templated":true}]}}