{"id":614,"date":"2022-01-28T10:36:17","date_gmt":"2022-01-28T09:36:17","guid":{"rendered":"https:\/\/ljusljudmusik.com\/?p=614"},"modified":"2022-01-28T10:36:17","modified_gmt":"2022-01-28T09:36:17","slug":"morksuggan","status":"publish","type":"post","link":"https:\/\/ljusljudmusik.com\/index.php\/2022\/01\/28\/morksuggan\/","title":{"rendered":"M\u00f6rksuggan"},"content":{"rendered":"\n<figure class=\"wp-block-embed is-type-video is-provider-youtube wp-block-embed-youtube wp-embed-aspect-16-9 wp-has-aspect-ratio\"><div class=\"wp-block-embed__wrapper\">\n<iframe title=\"M\u00f6rksuggan smyger i Gagnefskogarna\" width=\"750\" height=\"422\" src=\"https:\/\/www.youtube.com\/embed\/YewjBoWgREY?feature=oembed\" frameborder=\"0\" allow=\"accelerometer; autoplay; clipboard-write; encrypted-media; gyroscope; picture-in-picture\" allowfullscreen><\/iframe>\n<\/div><\/figure>\n\n\n\n<p>Idag premi\u00e4r f\u00f6r M\u00f6rksuggan, sen lite administration och f\u00f6rberedelser inf\u00f6r kommande m\u00f6ten. Planerar \u00e4ven n\u00e5gra Ljudutbildningar som komma skall. Vi \u00e5ker ut p\u00e5 plats och gnuggar vaktm\u00e4steriet i befintlig utrustning. Resultatet blir att handhavandet av ljudutrustningen fungerar mycket b\u00e4ttre. Det \u00e4r fr\u00e4mst i kyrkor som behovet finns och d\u00e5 \u00e4ven addera kyrkv\u00e4rdar, musiker, och pr\u00e4ster i utbildningen. Utbildning i mikrofonteknik och talteknik \u00e4r ofta v\u00e4rdefullt f\u00f6r till exempel olika grupper. Eftermiddagen skall spenderas i studion f\u00f6r ombyggnation inf\u00f6r morgondagens tagningar.<\/p>\n","protected":false},"excerpt":{"rendered":"<p>Idag premi\u00e4r f\u00f6r M\u00f6rksuggan, sen lite administration och f\u00f6rberedelser inf\u00f6r kommande m\u00f6ten. Planerar \u00e4ven n\u00e5gra Ljudutbildningar som komma skall. Vi \u00e5ker ut p\u00e5 plats och gnuggar vaktm\u00e4steriet i befintlig utrustning. Resultatet blir att handhavandet av ljudutrustningen fungerar mycket b\u00e4ttre. Det \u00e4r fr\u00e4mst i kyrkor som behovet finns och d\u00e5 \u00e4ven addera kyrkv\u00e4rdar, musiker, och pr\u00e4ster&hellip; <a class=\"more-link\" href=\"https:\/\/ljusljudmusik.com\/index.php\/2022\/01\/28\/morksuggan\/\">Forts\u00e4tt l\u00e4sa <span class=\"screen-reader-text\">M\u00f6rksuggan<\/span><\/a><\/p>\n","protected":false},"author":1,"featured_media":0,"comment_status":"open","ping_status":"open","sticky":false,"template":"","format":"standard","meta":[],"categories":[1],"tags":[],"_links":{"self":[{"href":"https:\/\/ljusljudmusik.com\/index.php\/wp-json\/wp\/v2\/posts\/614"}],"collection":[{"href":"https:\/\/ljusljudmusik.com\/index.php\/wp-json\/wp\/v2\/posts"}],"about":[{"href":"https:\/\/ljusljudmusik.com\/index.php\/wp-json\/wp\/v2\/types\/post"}],"author":[{"embeddable":true,"href":"https:\/\/ljusljudmusik.com\/index.php\/wp-json\/wp\/v2\/users\/1"}],"replies":[{"embeddable":true,"href":"https:\/\/ljusljudmusik.com\/index.php\/wp-json\/wp\/v2\/comments?post=614"}],"version-history":[{"count":1,"href":"https:\/\/ljusljudmusik.com\/index.php\/wp-json\/wp\/v2\/posts\/614\/revisions"}],"predecessor-version":[{"id":615,"href":"https:\/\/ljusljudmusik.com\/index.php\/wp-json\/wp\/v2\/posts\/614\/revisions\/615"}],"wp:attachment":[{"href":"https:\/\/ljusljudmusik.com\/index.php\/wp-json\/wp\/v2\/media?parent=614"}],"wp:term":[{"taxonomy":"category","embeddable":true,"href":"https:\/\/ljusljudmusik.com\/index.php\/wp-json\/wp\/v2\/categories?post=614"},{"taxonomy":"post_tag","embeddable":true,"href":"https:\/\/ljusljudmusik.com\/index.php\/wp-json\/wp\/v2\/tags?post=614"}],"curies":[{"name":"wp","href":"https:\/\/api.w.org\/{rel}","templated":true}]}}