{"id":443,"date":"2021-11-12T17:48:37","date_gmt":"2021-11-12T16:48:37","guid":{"rendered":"https:\/\/ljusljudmusik.com\/?p=443"},"modified":"2021-11-12T17:48:37","modified_gmt":"2021-11-12T16:48:37","slug":"tredje-gangen-gillt","status":"publish","type":"post","link":"https:\/\/ljusljudmusik.com\/index.php\/2021\/11\/12\/tredje-gangen-gillt\/","title":{"rendered":"Tredje g\u00e5ngen gillt"},"content":{"rendered":"\n<figure class=\"wp-block-gallery columns-3 is-cropped\"><ul class=\"blocks-gallery-grid\"><li class=\"blocks-gallery-item\"><figure><img loading=\"lazy\" width=\"1024\" height=\"576\" src=\"https:\/\/ljusljudmusik.com\/wp-content\/uploads\/2021\/11\/received_1534696226882192-1024x576.jpeg\" alt=\"\" data-id=\"445\" data-full-url=\"https:\/\/ljusljudmusik.com\/wp-content\/uploads\/2021\/11\/received_1534696226882192.jpeg\" data-link=\"https:\/\/ljusljudmusik.com\/?attachment_id=445\" class=\"wp-image-445\" srcset=\"https:\/\/ljusljudmusik.com\/wp-content\/uploads\/2021\/11\/received_1534696226882192-1024x576.jpeg 1024w, https:\/\/ljusljudmusik.com\/wp-content\/uploads\/2021\/11\/received_1534696226882192-300x169.jpeg 300w, https:\/\/ljusljudmusik.com\/wp-content\/uploads\/2021\/11\/received_1534696226882192-768x432.jpeg 768w, https:\/\/ljusljudmusik.com\/wp-content\/uploads\/2021\/11\/received_1534696226882192.jpeg 1411w\" sizes=\"(max-width: 1024px) 100vw, 1024px\" \/><\/figure><\/li><li class=\"blocks-gallery-item\"><figure><img loading=\"lazy\" width=\"768\" height=\"1024\" src=\"https:\/\/ljusljudmusik.com\/wp-content\/uploads\/2021\/11\/20211112_162019-768x1024.jpg\" alt=\"\" data-id=\"444\" data-full-url=\"https:\/\/ljusljudmusik.com\/wp-content\/uploads\/2021\/11\/20211112_162019.jpg\" data-link=\"https:\/\/ljusljudmusik.com\/?attachment_id=444\" class=\"wp-image-444\" srcset=\"https:\/\/ljusljudmusik.com\/wp-content\/uploads\/2021\/11\/20211112_162019-768x1024.jpg 768w, https:\/\/ljusljudmusik.com\/wp-content\/uploads\/2021\/11\/20211112_162019-225x300.jpg 225w, https:\/\/ljusljudmusik.com\/wp-content\/uploads\/2021\/11\/20211112_162019-1152x1536.jpg 1152w, https:\/\/ljusljudmusik.com\/wp-content\/uploads\/2021\/11\/20211112_162019.jpg 1209w\" sizes=\"(max-width: 768px) 100vw, 768px\" \/><\/figure><\/li><li class=\"blocks-gallery-item\"><figure><img loading=\"lazy\" width=\"806\" height=\"452\" src=\"https:\/\/ljusljudmusik.com\/wp-content\/uploads\/2021\/11\/received_260346979403619.jpeg\" alt=\"\" data-id=\"446\" data-full-url=\"https:\/\/ljusljudmusik.com\/wp-content\/uploads\/2021\/11\/received_260346979403619.jpeg\" data-link=\"https:\/\/ljusljudmusik.com\/?attachment_id=446\" class=\"wp-image-446\" srcset=\"https:\/\/ljusljudmusik.com\/wp-content\/uploads\/2021\/11\/received_260346979403619.jpeg 806w, https:\/\/ljusljudmusik.com\/wp-content\/uploads\/2021\/11\/received_260346979403619-300x168.jpeg 300w, https:\/\/ljusljudmusik.com\/wp-content\/uploads\/2021\/11\/received_260346979403619-768x431.jpeg 768w\" sizes=\"(max-width: 806px) 100vw, 806px\" \/><\/figure><\/li><li class=\"blocks-gallery-item\"><figure><img loading=\"lazy\" width=\"960\" height=\"540\" src=\"https:\/\/ljusljudmusik.com\/wp-content\/uploads\/2021\/11\/received_365047708742087.jpeg\" alt=\"\" data-id=\"447\" data-full-url=\"https:\/\/ljusljudmusik.com\/wp-content\/uploads\/2021\/11\/received_365047708742087.jpeg\" data-link=\"https:\/\/ljusljudmusik.com\/?attachment_id=447\" class=\"wp-image-447\" srcset=\"https:\/\/ljusljudmusik.com\/wp-content\/uploads\/2021\/11\/received_365047708742087.jpeg 960w, https:\/\/ljusljudmusik.com\/wp-content\/uploads\/2021\/11\/received_365047708742087-300x169.jpeg 300w, https:\/\/ljusljudmusik.com\/wp-content\/uploads\/2021\/11\/received_365047708742087-768x432.jpeg 768w\" sizes=\"(max-width: 960px) 100vw, 960px\" \/><\/figure><\/li><\/ul><\/figure>\n\n\n\n<pre class=\"wp-block-preformatted\"><\/pre>\n\n\n\n<p>Nu \u00e4r det i alla fall dax f\u00f6r<a href=\"http:\/\/boka.visitdalarna.se\/sv\/evenemanget\/2016206\/tribute-to-elton\/detaljer?filter=sgid%3D107228%3Bd%3D20190222%7C99991231\" data-type=\"URL\" data-id=\"http:\/\/boka.visitdalarna.se\/sv\/evenemanget\/2016206\/tribute-to-elton\/detaljer?filter=sgid%3D107228%3Bd%3D20190222%7C99991231\"> Gangs\u00b4n Voices och Sala Storband. Tribute to Elton. Solister: Petra Kv\u00e4nn\u00e5 och Martin Carlbinder och ett 40-tal medverkande p\u00e5 scen. med k\u00f6r och solister<\/a> i Lindberghallen, Djur\u00e5s. Det \u00e4r tredje datumet det \u00e4r flyttat till, s\u00e5 tredje g\u00e5ngen gillt. Trots att vi sj\u00e4lva inte kan vara p\u00e5 plats s\u00e5 l\u00e4mnar vi ljud och ljusproduktionen med storbandet i s\u00e4kra h\u00e4nder till erfarna tekniker, Persson, Janne och Veronica. Den fina flygeln har f\u00e5tt den omsorg den f\u00f6rtj\u00e4nar, den \u00e4r nyst\u00e4md dagen till \u00e4ra. Den \u00e4r v\u00e4l inte anv\u00e4nd just p\u00e5 de sista \u00e5ren. Lindberghallen fyller 33 \u00e5r denna h\u00f6st. FB p\u00e5minde mig om detta h\u00e4romdagen. P\u00e5minde om ett 30 \u00e5rsjubileum med fullsatt hall och m\u00e5nga m\u00e5nga som v\u00e4xt upp med Lindberghallen och utvecklats till proffsmusiker och artister. Skulle vara roligt att g\u00f6ra det igen, men d\u00e5 med fler f\u00f6rest\u00e4llningar f\u00f6r det var m\u00e5nga som blev utan biljetter till 30 \u00e5rs jubil\u00e9t. Vi f\u00e5r v\u00e4l se vad producenten hittar p\u00e5, just nu h\u00e5ller den p\u00e5 att  f\u00f6rbereda en marknadsdag. <\/p>\n","protected":false},"excerpt":{"rendered":"<p>Nu \u00e4r det i alla fall dax f\u00f6r Gangs\u00b4n Voices och Sala Storband. Tribute to Elton. Solister: Petra Kv\u00e4nn\u00e5 och Martin Carlbinder och ett 40-tal medverkande p\u00e5 scen. med k\u00f6r och solister i Lindberghallen, Djur\u00e5s. Det \u00e4r tredje datumet det \u00e4r flyttat till, s\u00e5 tredje g\u00e5ngen gillt. Trots att vi sj\u00e4lva inte kan vara p\u00e5&hellip; <a class=\"more-link\" href=\"https:\/\/ljusljudmusik.com\/index.php\/2021\/11\/12\/tredje-gangen-gillt\/\">Forts\u00e4tt l\u00e4sa <span class=\"screen-reader-text\">Tredje g\u00e5ngen gillt<\/span><\/a><\/p>\n","protected":false},"author":1,"featured_media":0,"comment_status":"open","ping_status":"open","sticky":false,"template":"","format":"standard","meta":[],"categories":[1],"tags":[],"_links":{"self":[{"href":"https:\/\/ljusljudmusik.com\/index.php\/wp-json\/wp\/v2\/posts\/443"}],"collection":[{"href":"https:\/\/ljusljudmusik.com\/index.php\/wp-json\/wp\/v2\/posts"}],"about":[{"href":"https:\/\/ljusljudmusik.com\/index.php\/wp-json\/wp\/v2\/types\/post"}],"author":[{"embeddable":true,"href":"https:\/\/ljusljudmusik.com\/index.php\/wp-json\/wp\/v2\/users\/1"}],"replies":[{"embeddable":true,"href":"https:\/\/ljusljudmusik.com\/index.php\/wp-json\/wp\/v2\/comments?post=443"}],"version-history":[{"count":1,"href":"https:\/\/ljusljudmusik.com\/index.php\/wp-json\/wp\/v2\/posts\/443\/revisions"}],"predecessor-version":[{"id":448,"href":"https:\/\/ljusljudmusik.com\/index.php\/wp-json\/wp\/v2\/posts\/443\/revisions\/448"}],"wp:attachment":[{"href":"https:\/\/ljusljudmusik.com\/index.php\/wp-json\/wp\/v2\/media?parent=443"}],"wp:term":[{"taxonomy":"category","embeddable":true,"href":"https:\/\/ljusljudmusik.com\/index.php\/wp-json\/wp\/v2\/categories?post=443"},{"taxonomy":"post_tag","embeddable":true,"href":"https:\/\/ljusljudmusik.com\/index.php\/wp-json\/wp\/v2\/tags?post=443"}],"curies":[{"name":"wp","href":"https:\/\/api.w.org\/{rel}","templated":true}]}}