{"id":385,"date":"2021-11-01T12:15:53","date_gmt":"2021-11-01T11:15:53","guid":{"rendered":"https:\/\/ljusljudmusik.com\/?p=385"},"modified":"2021-11-01T12:15:53","modified_gmt":"2021-11-01T11:15:53","slug":"ylva-eggehorn-i-ord-och-ton","status":"publish","type":"post","link":"https:\/\/ljusljudmusik.com\/index.php\/2021\/11\/01\/ylva-eggehorn-i-ord-och-ton\/","title":{"rendered":"Ylva Eggehorn i ord och ton"},"content":{"rendered":"\n<figure class=\"wp-block-gallery columns-3 is-cropped\"><ul class=\"blocks-gallery-grid\"><li class=\"blocks-gallery-item\"><figure><img loading=\"lazy\" width=\"768\" height=\"1024\" src=\"https:\/\/ljusljudmusik.com\/wp-content\/uploads\/2021\/11\/20211031_172016-768x1024.jpg\" alt=\"\" data-id=\"386\" data-full-url=\"https:\/\/ljusljudmusik.com\/wp-content\/uploads\/2021\/11\/20211031_172016.jpg\" data-link=\"https:\/\/ljusljudmusik.com\/?attachment_id=386\" class=\"wp-image-386\" srcset=\"https:\/\/ljusljudmusik.com\/wp-content\/uploads\/2021\/11\/20211031_172016-768x1024.jpg 768w, https:\/\/ljusljudmusik.com\/wp-content\/uploads\/2021\/11\/20211031_172016-225x300.jpg 225w, https:\/\/ljusljudmusik.com\/wp-content\/uploads\/2021\/11\/20211031_172016-1152x1536.jpg 1152w, https:\/\/ljusljudmusik.com\/wp-content\/uploads\/2021\/11\/20211031_172016.jpg 1209w\" sizes=\"(max-width: 768px) 100vw, 768px\" \/><\/figure><\/li><li class=\"blocks-gallery-item\"><figure><img loading=\"lazy\" width=\"768\" height=\"1024\" src=\"https:\/\/ljusljudmusik.com\/wp-content\/uploads\/2021\/11\/20211031_171710-768x1024.jpg\" alt=\"\" data-id=\"387\" data-full-url=\"https:\/\/ljusljudmusik.com\/wp-content\/uploads\/2021\/11\/20211031_171710.jpg\" data-link=\"https:\/\/ljusljudmusik.com\/?attachment_id=387\" class=\"wp-image-387\" srcset=\"https:\/\/ljusljudmusik.com\/wp-content\/uploads\/2021\/11\/20211031_171710-768x1024.jpg 768w, https:\/\/ljusljudmusik.com\/wp-content\/uploads\/2021\/11\/20211031_171710-225x300.jpg 225w, https:\/\/ljusljudmusik.com\/wp-content\/uploads\/2021\/11\/20211031_171710-1152x1536.jpg 1152w, https:\/\/ljusljudmusik.com\/wp-content\/uploads\/2021\/11\/20211031_171710.jpg 1209w\" sizes=\"(max-width: 768px) 100vw, 768px\" \/><\/figure><\/li><li class=\"blocks-gallery-item\"><figure><img loading=\"lazy\" width=\"1024\" height=\"768\" src=\"https:\/\/ljusljudmusik.com\/wp-content\/uploads\/2021\/11\/20211101_114815-1024x768.jpg\" alt=\"\" data-id=\"388\" data-full-url=\"https:\/\/ljusljudmusik.com\/wp-content\/uploads\/2021\/11\/20211101_114815.jpg\" data-link=\"https:\/\/ljusljudmusik.com\/?attachment_id=388\" class=\"wp-image-388\" srcset=\"https:\/\/ljusljudmusik.com\/wp-content\/uploads\/2021\/11\/20211101_114815-1024x768.jpg 1024w, https:\/\/ljusljudmusik.com\/wp-content\/uploads\/2021\/11\/20211101_114815-300x225.jpg 300w, https:\/\/ljusljudmusik.com\/wp-content\/uploads\/2021\/11\/20211101_114815-768x576.jpg 768w, https:\/\/ljusljudmusik.com\/wp-content\/uploads\/2021\/11\/20211101_114815-1536x1152.jpg 1536w, https:\/\/ljusljudmusik.com\/wp-content\/uploads\/2021\/11\/20211101_114815-1568x1176.jpg 1568w, https:\/\/ljusljudmusik.com\/wp-content\/uploads\/2021\/11\/20211101_114815.jpg 1612w\" sizes=\"(max-width: 1024px) 100vw, 1024px\" \/><\/figure><\/li><li class=\"blocks-gallery-item\"><figure><img loading=\"lazy\" width=\"1024\" height=\"768\" src=\"https:\/\/ljusljudmusik.com\/wp-content\/uploads\/2021\/11\/20211101_114905-1024x768.jpg\" alt=\"\" data-id=\"389\" data-full-url=\"https:\/\/ljusljudmusik.com\/wp-content\/uploads\/2021\/11\/20211101_114905.jpg\" data-link=\"https:\/\/ljusljudmusik.com\/?attachment_id=389\" class=\"wp-image-389\" srcset=\"https:\/\/ljusljudmusik.com\/wp-content\/uploads\/2021\/11\/20211101_114905-1024x768.jpg 1024w, https:\/\/ljusljudmusik.com\/wp-content\/uploads\/2021\/11\/20211101_114905-300x225.jpg 300w, https:\/\/ljusljudmusik.com\/wp-content\/uploads\/2021\/11\/20211101_114905-768x576.jpg 768w, https:\/\/ljusljudmusik.com\/wp-content\/uploads\/2021\/11\/20211101_114905-1536x1152.jpg 1536w, https:\/\/ljusljudmusik.com\/wp-content\/uploads\/2021\/11\/20211101_114905-1568x1176.jpg 1568w, https:\/\/ljusljudmusik.com\/wp-content\/uploads\/2021\/11\/20211101_114905.jpg 1612w\" sizes=\"(max-width: 1024px) 100vw, 1024px\" \/><\/figure><\/li><\/ul><\/figure>\n\n\n\n<p>S\u00f6ndagen \u00e4gnades \u00e5t streamning fr\u00e5n Missionskyrkan i Mockfj\u00e4rd. Det var ett vackert och v\u00e4l framf\u00f6rt program av Christina Dalberg textl\u00e4sning och Anna Dalfors Warg s\u00e5ng och musik. Det g\u00e5r ju fint att g\u00e5 in och titta i efterhand och det kan jag rekommendera er att g\u00f6ra. <a href=\"https:\/\/business.facebook.com\/Kristen-Gemenskap-Mockfj%C3%A4rd-101631031616332\/?eid=ARAnIG6aYILWIvKYegTX8GAtXnNMMpROuhRZ4JNEW_5WLYgthPvAGPwb7oRfWxG9Xg6CUObRVMB_mxH9&amp;hc_ref=ARThkLNWmSrQbALvPqI1pc-gvMTGQ6-nAmII6Ucpwu6JZYRttffQlkBAwmQ__y2nBAo&amp;ref=nf_target&amp;__xts__[0]=68.ARChyXPtmwVMisUeJhS5MqxdnogUjWCRX_35AECS6wGq7v4VbES6c08SATVG_Nc8W5vz1NTy3GedCziERokC-4oSYZw1SEbHZi_Fy4QWiwyYMbULETbZCycwev8ceVBlCoZ3gu0ZbblexHlrtrRzxKAx8u1WJq1wAEwH_BATwmU82KS3bJ4uGtW1on4secw3VxBC_sPL90v7nAPDakdmglPrVuNnV4uWtnsO_p8lY4aqnPB02MxFJihfHbwC3VBqEIcF-ImT1TSYFAA8aQM-64uouUDl2R1gD_6x9BrzqsM\" data-type=\"URL\" data-id=\"https:\/\/business.facebook.com\/Kristen-Gemenskap-Mockfj%C3%A4rd-101631031616332\/?eid=ARAnIG6aYILWIvKYegTX8GAtXnNMMpROuhRZ4JNEW_5WLYgthPvAGPwb7oRfWxG9Xg6CUObRVMB_mxH9&amp;hc_ref=ARThkLNWmSrQbALvPqI1pc-gvMTGQ6-nAmII6Ucpwu6JZYRttffQlkBAwmQ__y2nBAo&amp;ref=nf_target&amp;__xts__[0]=68.ARChyXPtmwVMisUeJhS5MqxdnogUjWCRX_35AECS6wGq7v4VbES6c08SATVG_Nc8W5vz1NTy3GedCziERokC-4oSYZw1SEbHZi_Fy4QWiwyYMbULETbZCycwev8ceVBlCoZ3gu0ZbblexHlrtrRzxKAx8u1WJq1wAEwH_BATwmU82KS3bJ4uGtW1on4secw3VxBC_sPL90v7nAPDakdmglPrVuNnV4uWtnsO_p8lY4aqnPB02MxFJihfHbwC3VBqEIcF-ImT1TSYFAA8aQM-64uouUDl2R1gD_6x9BrzqsM\">L\u00e4nk h\u00e4r<\/a>  Vi har ju utmanat tekniken m\u00e5nga g\u00e5nger i Missionskyrkan i Mockfj\u00e4rd, men idag var det bara en vanlig streamning. Efter att ha hanterat en m\u00e4ngd administrativt arbete idag p\u00e5 f\u00f6rmiddagen, kul NOT. Men eftermiddagen ser vi fram emot d\u00e5 vi f\u00e5r leverans av guld\u00e4gg och ny matta till en av v\u00e5ra studios. Veckan kommer att \u00e4gnas \u00e5t f\u00f6rberedelser bland annat f\u00f6r f\u00f6r inspelning av Storband, en streamning p\u00e5 Allhelgonadagen, en f\u00f6rinspelad text som skall redigeras och H\u00f6stlovsaktiviteter. Ha en fantastisk m\u00e5ndag!! \ud83d\ude00<\/p>\n","protected":false},"excerpt":{"rendered":"<p>S\u00f6ndagen \u00e4gnades \u00e5t streamning fr\u00e5n Missionskyrkan i Mockfj\u00e4rd. Det var ett vackert och v\u00e4l framf\u00f6rt program av Christina Dalberg textl\u00e4sning och Anna Dalfors Warg s\u00e5ng och musik. Det g\u00e5r ju fint att g\u00e5 in och titta i efterhand och det kan jag rekommendera er att g\u00f6ra. L\u00e4nk h\u00e4r Vi har ju utmanat tekniken m\u00e5nga g\u00e5nger&hellip; <a class=\"more-link\" href=\"https:\/\/ljusljudmusik.com\/index.php\/2021\/11\/01\/ylva-eggehorn-i-ord-och-ton\/\">Forts\u00e4tt l\u00e4sa <span class=\"screen-reader-text\">Ylva Eggehorn i ord och ton<\/span><\/a><\/p>\n","protected":false},"author":1,"featured_media":0,"comment_status":"open","ping_status":"open","sticky":false,"template":"","format":"standard","meta":[],"categories":[1],"tags":[],"_links":{"self":[{"href":"https:\/\/ljusljudmusik.com\/index.php\/wp-json\/wp\/v2\/posts\/385"}],"collection":[{"href":"https:\/\/ljusljudmusik.com\/index.php\/wp-json\/wp\/v2\/posts"}],"about":[{"href":"https:\/\/ljusljudmusik.com\/index.php\/wp-json\/wp\/v2\/types\/post"}],"author":[{"embeddable":true,"href":"https:\/\/ljusljudmusik.com\/index.php\/wp-json\/wp\/v2\/users\/1"}],"replies":[{"embeddable":true,"href":"https:\/\/ljusljudmusik.com\/index.php\/wp-json\/wp\/v2\/comments?post=385"}],"version-history":[{"count":1,"href":"https:\/\/ljusljudmusik.com\/index.php\/wp-json\/wp\/v2\/posts\/385\/revisions"}],"predecessor-version":[{"id":390,"href":"https:\/\/ljusljudmusik.com\/index.php\/wp-json\/wp\/v2\/posts\/385\/revisions\/390"}],"wp:attachment":[{"href":"https:\/\/ljusljudmusik.com\/index.php\/wp-json\/wp\/v2\/media?parent=385"}],"wp:term":[{"taxonomy":"category","embeddable":true,"href":"https:\/\/ljusljudmusik.com\/index.php\/wp-json\/wp\/v2\/categories?post=385"},{"taxonomy":"post_tag","embeddable":true,"href":"https:\/\/ljusljudmusik.com\/index.php\/wp-json\/wp\/v2\/tags?post=385"}],"curies":[{"name":"wp","href":"https:\/\/api.w.org\/{rel}","templated":true}]}}