{"id":367,"date":"2021-10-28T12:30:16","date_gmt":"2021-10-28T10:30:16","guid":{"rendered":"https:\/\/ljusljudmusik.com\/?p=367"},"modified":"2021-10-28T12:30:16","modified_gmt":"2021-10-28T10:30:16","slug":"mot-floa","status":"publish","type":"post","link":"https:\/\/ljusljudmusik.com\/index.php\/2021\/10\/28\/mot-floa\/","title":{"rendered":"Mot FLOA"},"content":{"rendered":"\n<figure class=\"wp-block-image size-large\"><img loading=\"lazy\" width=\"768\" height=\"1024\" src=\"https:\/\/ljusljudmusik.com\/wp-content\/uploads\/2021\/10\/20200912_121003-768x1024.jpg\" alt=\"\" class=\"wp-image-368\" srcset=\"https:\/\/ljusljudmusik.com\/wp-content\/uploads\/2021\/10\/20200912_121003-768x1024.jpg 768w, https:\/\/ljusljudmusik.com\/wp-content\/uploads\/2021\/10\/20200912_121003-225x300.jpg 225w, https:\/\/ljusljudmusik.com\/wp-content\/uploads\/2021\/10\/20200912_121003-1152x1536.jpg 1152w, https:\/\/ljusljudmusik.com\/wp-content\/uploads\/2021\/10\/20200912_121003.jpg 1209w\" sizes=\"(max-width: 768px) 100vw, 768px\" \/><\/figure>\n\n\n\n<p>Har best\u00e4llt nytt golvmaterial f\u00f6r expansion av Studion i Djur\u00e5s idag, kul med bokningar s\u00e5 att man f\u00e5r v\u00e4xa. Peter har varit ute p\u00e5 serviceuppdrag och nu laddar vi f\u00f6r kv\u00e4llens hybridm\u00f6te i Dala-Floda p\u00e5 Syrholns skola. L\u00e4ste en fin artikel idag p\u00e5 <a href=\"https:\/\/www.siljannews.se\/gagnef\/viktigt-att-fora-dialog-med-vara-invanare\">Siljan News<\/a> av Linda Axelsson om Samr\u00e5den f\u00f6r \u00d6versiktsplan 2040. F\u00f6r deltagande i kv\u00e4llens hybridm\u00f6te via Teams hittar du<a href=\"https:\/\/www.gagnef.se\/bygga-bo-miljoe\/fysisk-planering\/samraad-foer-oeversiktsplan-2040-samt-tillaegg-lis-plan\/\" data-type=\"URL\" data-id=\"https:\/\/www.gagnef.se\/bygga-bo-miljoe\/fysisk-planering\/samraad-foer-oeversiktsplan-2040-samt-tillaegg-lis-plan\/\"> l\u00e4nken h\u00e4r<\/a>!<\/p>\n","protected":false},"excerpt":{"rendered":"<p>Har best\u00e4llt nytt golvmaterial f\u00f6r expansion av Studion i Djur\u00e5s idag, kul med bokningar s\u00e5 att man f\u00e5r v\u00e4xa. Peter har varit ute p\u00e5 serviceuppdrag och nu laddar vi f\u00f6r kv\u00e4llens hybridm\u00f6te i Dala-Floda p\u00e5 Syrholns skola. L\u00e4ste en fin artikel idag p\u00e5 Siljan News av Linda Axelsson om Samr\u00e5den f\u00f6r \u00d6versiktsplan 2040. F\u00f6r deltagande&hellip; <a class=\"more-link\" href=\"https:\/\/ljusljudmusik.com\/index.php\/2021\/10\/28\/mot-floa\/\">Forts\u00e4tt l\u00e4sa <span class=\"screen-reader-text\">Mot FLOA<\/span><\/a><\/p>\n","protected":false},"author":1,"featured_media":0,"comment_status":"open","ping_status":"open","sticky":false,"template":"","format":"standard","meta":[],"categories":[1],"tags":[],"_links":{"self":[{"href":"https:\/\/ljusljudmusik.com\/index.php\/wp-json\/wp\/v2\/posts\/367"}],"collection":[{"href":"https:\/\/ljusljudmusik.com\/index.php\/wp-json\/wp\/v2\/posts"}],"about":[{"href":"https:\/\/ljusljudmusik.com\/index.php\/wp-json\/wp\/v2\/types\/post"}],"author":[{"embeddable":true,"href":"https:\/\/ljusljudmusik.com\/index.php\/wp-json\/wp\/v2\/users\/1"}],"replies":[{"embeddable":true,"href":"https:\/\/ljusljudmusik.com\/index.php\/wp-json\/wp\/v2\/comments?post=367"}],"version-history":[{"count":1,"href":"https:\/\/ljusljudmusik.com\/index.php\/wp-json\/wp\/v2\/posts\/367\/revisions"}],"predecessor-version":[{"id":369,"href":"https:\/\/ljusljudmusik.com\/index.php\/wp-json\/wp\/v2\/posts\/367\/revisions\/369"}],"wp:attachment":[{"href":"https:\/\/ljusljudmusik.com\/index.php\/wp-json\/wp\/v2\/media?parent=367"}],"wp:term":[{"taxonomy":"category","embeddable":true,"href":"https:\/\/ljusljudmusik.com\/index.php\/wp-json\/wp\/v2\/categories?post=367"},{"taxonomy":"post_tag","embeddable":true,"href":"https:\/\/ljusljudmusik.com\/index.php\/wp-json\/wp\/v2\/tags?post=367"}],"curies":[{"name":"wp","href":"https:\/\/api.w.org\/{rel}","templated":true}]}}