{"id":351,"date":"2021-10-25T12:32:06","date_gmt":"2021-10-25T10:32:06","guid":{"rendered":"https:\/\/ljusljudmusik.com\/?p=351"},"modified":"2021-10-25T12:32:06","modified_gmt":"2021-10-25T10:32:06","slug":"stort-intresse-och-konserter","status":"publish","type":"post","link":"https:\/\/ljusljudmusik.com\/index.php\/2021\/10\/25\/stort-intresse-och-konserter\/","title":{"rendered":"Stort intresse och konserter."},"content":{"rendered":"\n<figure class=\"wp-block-gallery columns-3 is-cropped\"><ul class=\"blocks-gallery-grid\"><li class=\"blocks-gallery-item\"><figure><img loading=\"lazy\" width=\"432\" height=\"243\" src=\"https:\/\/ljusljudmusik.com\/wp-content\/uploads\/2021\/10\/FB_IMG_1599064155479.jpg\" alt=\"\" data-id=\"350\" data-full-url=\"https:\/\/ljusljudmusik.com\/wp-content\/uploads\/2021\/10\/FB_IMG_1599064155479.jpg\" data-link=\"https:\/\/ljusljudmusik.com\/fb_img_1599064155479\/\" class=\"wp-image-350\" srcset=\"https:\/\/ljusljudmusik.com\/wp-content\/uploads\/2021\/10\/FB_IMG_1599064155479.jpg 432w, https:\/\/ljusljudmusik.com\/wp-content\/uploads\/2021\/10\/FB_IMG_1599064155479-300x169.jpg 300w\" sizes=\"(max-width: 432px) 100vw, 432px\" \/><\/figure><\/li><li class=\"blocks-gallery-item\"><figure><img loading=\"lazy\" width=\"768\" height=\"1024\" src=\"https:\/\/ljusljudmusik.com\/wp-content\/uploads\/2021\/10\/20200904_164815-768x1024.jpg\" alt=\"\" data-id=\"349\" data-full-url=\"https:\/\/ljusljudmusik.com\/wp-content\/uploads\/2021\/10\/20200904_164815.jpg\" data-link=\"https:\/\/ljusljudmusik.com\/20200904_164815\/\" class=\"wp-image-349\" srcset=\"https:\/\/ljusljudmusik.com\/wp-content\/uploads\/2021\/10\/20200904_164815-768x1024.jpg 768w, https:\/\/ljusljudmusik.com\/wp-content\/uploads\/2021\/10\/20200904_164815-225x300.jpg 225w, https:\/\/ljusljudmusik.com\/wp-content\/uploads\/2021\/10\/20200904_164815-1152x1536.jpg 1152w, https:\/\/ljusljudmusik.com\/wp-content\/uploads\/2021\/10\/20200904_164815.jpg 1209w\" sizes=\"(max-width: 768px) 100vw, 768px\" \/><\/figure><\/li><li class=\"blocks-gallery-item\"><figure><img loading=\"lazy\" width=\"1024\" height=\"768\" src=\"https:\/\/ljusljudmusik.com\/wp-content\/uploads\/2021\/10\/20200926_134456-1024x768.jpg\" alt=\"\" data-id=\"346\" data-full-url=\"https:\/\/ljusljudmusik.com\/wp-content\/uploads\/2021\/10\/20200926_134456.jpg\" data-link=\"https:\/\/ljusljudmusik.com\/20200926_134456\/\" class=\"wp-image-346\" srcset=\"https:\/\/ljusljudmusik.com\/wp-content\/uploads\/2021\/10\/20200926_134456-1024x768.jpg 1024w, https:\/\/ljusljudmusik.com\/wp-content\/uploads\/2021\/10\/20200926_134456-300x225.jpg 300w, https:\/\/ljusljudmusik.com\/wp-content\/uploads\/2021\/10\/20200926_134456-768x576.jpg 768w, https:\/\/ljusljudmusik.com\/wp-content\/uploads\/2021\/10\/20200926_134456-1536x1152.jpg 1536w, https:\/\/ljusljudmusik.com\/wp-content\/uploads\/2021\/10\/20200926_134456-1568x1176.jpg 1568w, https:\/\/ljusljudmusik.com\/wp-content\/uploads\/2021\/10\/20200926_134456.jpg 1612w\" sizes=\"(max-width: 1024px) 100vw, 1024px\" \/><\/figure><\/li><\/ul><\/figure>\n\n\n\n<p>Det \u00e4r d\u00e5 dax f\u00f6r att b\u00f6rja planera konserter. Vi skissar p\u00e5 konserter som \u00e4r s\u00e4nda digitalt med m\u00f6jlighet att interagera med publiken och konsert i hybridm\u00f6tesform. Intresset f\u00f6r samr\u00e5dsturnen i Gagnefs Kommun \u00e4r stort och  ikv\u00e4ll forts\u00e4tter vi med, Gagnef kyrkby och Kyrkskolan \u00e4r dagens hybridm\u00f6tesplats.  L\u00e4nk f\u00f6r att vara med digitalt hittar du <a href=\"https:\/\/www.gagnef.se\/bygga-bo-miljoe\/fysisk-planering\/samraad-foer-oeversiktsplan-2040-samt-tillaegg-lis-plan\/\" data-type=\"URL\" data-id=\"https:\/\/www.gagnef.se\/bygga-bo-miljoe\/fysisk-planering\/samraad-foer-oeversiktsplan-2040-samt-tillaegg-lis-plan\/\">h\u00e4<\/a>r!<\/p>\n","protected":false},"excerpt":{"rendered":"<p>Det \u00e4r d\u00e5 dax f\u00f6r att b\u00f6rja planera konserter. Vi skissar p\u00e5 konserter som \u00e4r s\u00e4nda digitalt med m\u00f6jlighet att interagera med publiken och konsert i hybridm\u00f6tesform. Intresset f\u00f6r samr\u00e5dsturnen i Gagnefs Kommun \u00e4r stort och ikv\u00e4ll forts\u00e4tter vi med, Gagnef kyrkby och Kyrkskolan \u00e4r dagens hybridm\u00f6tesplats. L\u00e4nk f\u00f6r att vara med digitalt hittar du&hellip; <a class=\"more-link\" href=\"https:\/\/ljusljudmusik.com\/index.php\/2021\/10\/25\/stort-intresse-och-konserter\/\">Forts\u00e4tt l\u00e4sa <span class=\"screen-reader-text\">Stort intresse och konserter.<\/span><\/a><\/p>\n","protected":false},"author":1,"featured_media":0,"comment_status":"open","ping_status":"open","sticky":false,"template":"","format":"standard","meta":[],"categories":[1],"tags":[],"_links":{"self":[{"href":"https:\/\/ljusljudmusik.com\/index.php\/wp-json\/wp\/v2\/posts\/351"}],"collection":[{"href":"https:\/\/ljusljudmusik.com\/index.php\/wp-json\/wp\/v2\/posts"}],"about":[{"href":"https:\/\/ljusljudmusik.com\/index.php\/wp-json\/wp\/v2\/types\/post"}],"author":[{"embeddable":true,"href":"https:\/\/ljusljudmusik.com\/index.php\/wp-json\/wp\/v2\/users\/1"}],"replies":[{"embeddable":true,"href":"https:\/\/ljusljudmusik.com\/index.php\/wp-json\/wp\/v2\/comments?post=351"}],"version-history":[{"count":1,"href":"https:\/\/ljusljudmusik.com\/index.php\/wp-json\/wp\/v2\/posts\/351\/revisions"}],"predecessor-version":[{"id":352,"href":"https:\/\/ljusljudmusik.com\/index.php\/wp-json\/wp\/v2\/posts\/351\/revisions\/352"}],"wp:attachment":[{"href":"https:\/\/ljusljudmusik.com\/index.php\/wp-json\/wp\/v2\/media?parent=351"}],"wp:term":[{"taxonomy":"category","embeddable":true,"href":"https:\/\/ljusljudmusik.com\/index.php\/wp-json\/wp\/v2\/categories?post=351"},{"taxonomy":"post_tag","embeddable":true,"href":"https:\/\/ljusljudmusik.com\/index.php\/wp-json\/wp\/v2\/tags?post=351"}],"curies":[{"name":"wp","href":"https:\/\/api.w.org\/{rel}","templated":true}]}}