{"id":335,"date":"2021-10-21T11:09:46","date_gmt":"2021-10-21T09:09:46","guid":{"rendered":"https:\/\/ljusljudmusik.com\/?p=335"},"modified":"2021-10-21T11:09:46","modified_gmt":"2021-10-21T09:09:46","slug":"grongubben-mot-basna","status":"publish","type":"post","link":"https:\/\/ljusljudmusik.com\/index.php\/2021\/10\/21\/grongubben-mot-basna\/","title":{"rendered":"Gr\u00f6ngubben-mot B\u00e4sna"},"content":{"rendered":"\n<figure class=\"wp-block-gallery columns-2 is-cropped\"><ul class=\"blocks-gallery-grid\"><li class=\"blocks-gallery-item\"><figure><img loading=\"lazy\" width=\"1024\" height=\"768\" src=\"https:\/\/ljusljudmusik.com\/wp-content\/uploads\/2021\/10\/20211019_173114-1024x768.jpg\" alt=\"\" data-id=\"338\" data-full-url=\"https:\/\/ljusljudmusik.com\/wp-content\/uploads\/2021\/10\/20211019_173114.jpg\" data-link=\"https:\/\/ljusljudmusik.com\/?attachment_id=338\" class=\"wp-image-338\" srcset=\"https:\/\/ljusljudmusik.com\/wp-content\/uploads\/2021\/10\/20211019_173114-1024x768.jpg 1024w, https:\/\/ljusljudmusik.com\/wp-content\/uploads\/2021\/10\/20211019_173114-300x225.jpg 300w, https:\/\/ljusljudmusik.com\/wp-content\/uploads\/2021\/10\/20211019_173114-768x576.jpg 768w, https:\/\/ljusljudmusik.com\/wp-content\/uploads\/2021\/10\/20211019_173114-1536x1152.jpg 1536w, https:\/\/ljusljudmusik.com\/wp-content\/uploads\/2021\/10\/20211019_173114-1568x1176.jpg 1568w, https:\/\/ljusljudmusik.com\/wp-content\/uploads\/2021\/10\/20211019_173114.jpg 1612w\" sizes=\"(max-width: 1024px) 100vw, 1024px\" \/><\/figure><\/li><li class=\"blocks-gallery-item\"><figure><img loading=\"lazy\" width=\"768\" height=\"1024\" src=\"https:\/\/ljusljudmusik.com\/wp-content\/uploads\/2021\/10\/20211019_173108-768x1024.jpg\" alt=\"\" data-id=\"339\" data-full-url=\"https:\/\/ljusljudmusik.com\/wp-content\/uploads\/2021\/10\/20211019_173108.jpg\" data-link=\"https:\/\/ljusljudmusik.com\/?attachment_id=339\" class=\"wp-image-339\" srcset=\"https:\/\/ljusljudmusik.com\/wp-content\/uploads\/2021\/10\/20211019_173108-768x1024.jpg 768w, https:\/\/ljusljudmusik.com\/wp-content\/uploads\/2021\/10\/20211019_173108-225x300.jpg 225w, https:\/\/ljusljudmusik.com\/wp-content\/uploads\/2021\/10\/20211019_173108-1152x1536.jpg 1152w, https:\/\/ljusljudmusik.com\/wp-content\/uploads\/2021\/10\/20211019_173108.jpg 1209w\" sizes=\"(max-width: 768px) 100vw, 768px\" \/><\/figure><\/li><\/ul><\/figure>\n\n\n\n<p>I Tisdags hade vi samr\u00e5dsm\u00f6te i Djur\u00e5s, i den lilla matsalen. Finns det hj\u00e4rterum s\u00e5 finns det &#8230;&#8230;. Det var ett lyckat hybridm\u00f6te med drygt ett tjugotal deltagare p\u00e5 plats och ett g\u00e4ng p\u00e5 team. H\u00e4r var det s\u00e5 tr\u00e5ngt att det inte gick att bakprojicera, och bara tv\u00e5 kamerastativ fick plats. Hybridm\u00f6te blir det ocks\u00e5 idag Torsdag d\u00e5 skall vi till B\u00e4sna Bygdeg\u00e5rd, d\u00e4r \u00e4r utrymmet st\u00f6rre. L\u00e4nk till samr\u00e5det som ocks\u00e5 sker p\u00e5 Teams finns <a href=\"https:\/\/www.gagnef.se\/bygga-bo-miljoe\/fysisk-planering\/samraad-foer-oeversiktsplan-2040-samt-tillaegg-lis-plan\/\" target=\"_blank\" rel=\"noreferrer noopener\">h\u00e4r<\/a> Aprop\u00e5 B\u00e4sna s\u00e5 i ett annat projekt som jag skissar p\u00e5. Jag fick en hint om G<a href=\"https:\/\/basna.nu\/grongubbens-vandringsleder\/\" target=\"_blank\" rel=\"noreferrer noopener\">r\u00f6ngubben<\/a>, en figur som \u00e4r unik f\u00f6r B\u00e4sna och bara v\u00e4ntar p\u00e5 att bli dramatiserad. H\u00e5ller p\u00e5 som b\u00e4st att unders\u00f6ka m\u00f6jligheten att ta det vidare i n\u00e5gon passande form. <\/p>\n\n\n\n<pre class=\"wp-block-preformatted\"><\/pre>\n\n\n\n<p><\/p>\n","protected":false},"excerpt":{"rendered":"<p>I Tisdags hade vi samr\u00e5dsm\u00f6te i Djur\u00e5s, i den lilla matsalen. Finns det hj\u00e4rterum s\u00e5 finns det &#8230;&#8230;. Det var ett lyckat hybridm\u00f6te med drygt ett tjugotal deltagare p\u00e5 plats och ett g\u00e4ng p\u00e5 team. H\u00e4r var det s\u00e5 tr\u00e5ngt att det inte gick att bakprojicera, och bara tv\u00e5 kamerastativ fick plats. Hybridm\u00f6te blir det&hellip; <a class=\"more-link\" href=\"https:\/\/ljusljudmusik.com\/index.php\/2021\/10\/21\/grongubben-mot-basna\/\">Forts\u00e4tt l\u00e4sa <span class=\"screen-reader-text\">Gr\u00f6ngubben-mot B\u00e4sna<\/span><\/a><\/p>\n","protected":false},"author":1,"featured_media":0,"comment_status":"open","ping_status":"open","sticky":false,"template":"","format":"standard","meta":[],"categories":[1],"tags":[],"_links":{"self":[{"href":"https:\/\/ljusljudmusik.com\/index.php\/wp-json\/wp\/v2\/posts\/335"}],"collection":[{"href":"https:\/\/ljusljudmusik.com\/index.php\/wp-json\/wp\/v2\/posts"}],"about":[{"href":"https:\/\/ljusljudmusik.com\/index.php\/wp-json\/wp\/v2\/types\/post"}],"author":[{"embeddable":true,"href":"https:\/\/ljusljudmusik.com\/index.php\/wp-json\/wp\/v2\/users\/1"}],"replies":[{"embeddable":true,"href":"https:\/\/ljusljudmusik.com\/index.php\/wp-json\/wp\/v2\/comments?post=335"}],"version-history":[{"count":2,"href":"https:\/\/ljusljudmusik.com\/index.php\/wp-json\/wp\/v2\/posts\/335\/revisions"}],"predecessor-version":[{"id":341,"href":"https:\/\/ljusljudmusik.com\/index.php\/wp-json\/wp\/v2\/posts\/335\/revisions\/341"}],"wp:attachment":[{"href":"https:\/\/ljusljudmusik.com\/index.php\/wp-json\/wp\/v2\/media?parent=335"}],"wp:term":[{"taxonomy":"category","embeddable":true,"href":"https:\/\/ljusljudmusik.com\/index.php\/wp-json\/wp\/v2\/categories?post=335"},{"taxonomy":"post_tag","embeddable":true,"href":"https:\/\/ljusljudmusik.com\/index.php\/wp-json\/wp\/v2\/tags?post=335"}],"curies":[{"name":"wp","href":"https:\/\/api.w.org\/{rel}","templated":true}]}}