{"id":248,"date":"2021-09-30T12:44:21","date_gmt":"2021-09-30T10:44:21","guid":{"rendered":"https:\/\/ljusljudmusik.com\/?p=248"},"modified":"2021-09-30T12:44:21","modified_gmt":"2021-09-30T10:44:21","slug":"vagen-ar-malet","status":"publish","type":"post","link":"https:\/\/ljusljudmusik.com\/index.php\/2021\/09\/30\/vagen-ar-malet\/","title":{"rendered":"V\u00e4gen \u00e4r m\u00e5let"},"content":{"rendered":"\n<figure class=\"wp-block-gallery columns-3 is-cropped\"><ul class=\"blocks-gallery-grid\"><li class=\"blocks-gallery-item\"><figure><img loading=\"lazy\" width=\"892\" height=\"668\" src=\"https:\/\/ljusljudmusik.com\/wp-content\/uploads\/2021\/09\/20210925_132738.jpg\" alt=\"\" data-id=\"247\" data-full-url=\"https:\/\/ljusljudmusik.com\/wp-content\/uploads\/2021\/09\/20210925_132738.jpg\" data-link=\"https:\/\/ljusljudmusik.com\/20210925_132738\/\" class=\"wp-image-247\" srcset=\"https:\/\/ljusljudmusik.com\/wp-content\/uploads\/2021\/09\/20210925_132738.jpg 892w, https:\/\/ljusljudmusik.com\/wp-content\/uploads\/2021\/09\/20210925_132738-300x225.jpg 300w, https:\/\/ljusljudmusik.com\/wp-content\/uploads\/2021\/09\/20210925_132738-768x575.jpg 768w\" sizes=\"(max-width: 892px) 100vw, 892px\" \/><\/figure><\/li><li class=\"blocks-gallery-item\"><figure><img loading=\"lazy\" width=\"1024\" height=\"768\" src=\"https:\/\/ljusljudmusik.com\/wp-content\/uploads\/2021\/09\/20210925_124020-1024x768.jpg\" alt=\"\" data-id=\"246\" data-full-url=\"https:\/\/ljusljudmusik.com\/wp-content\/uploads\/2021\/09\/20210925_124020.jpg\" data-link=\"https:\/\/ljusljudmusik.com\/20210925_124020\/\" class=\"wp-image-246\" srcset=\"https:\/\/ljusljudmusik.com\/wp-content\/uploads\/2021\/09\/20210925_124020-1024x768.jpg 1024w, https:\/\/ljusljudmusik.com\/wp-content\/uploads\/2021\/09\/20210925_124020-300x225.jpg 300w, https:\/\/ljusljudmusik.com\/wp-content\/uploads\/2021\/09\/20210925_124020-768x576.jpg 768w, https:\/\/ljusljudmusik.com\/wp-content\/uploads\/2021\/09\/20210925_124020-1536x1152.jpg 1536w, https:\/\/ljusljudmusik.com\/wp-content\/uploads\/2021\/09\/20210925_124020-1568x1176.jpg 1568w, https:\/\/ljusljudmusik.com\/wp-content\/uploads\/2021\/09\/20210925_124020.jpg 1612w\" sizes=\"(max-width: 1024px) 100vw, 1024px\" \/><\/figure><\/li><li class=\"blocks-gallery-item\"><figure><img loading=\"lazy\" width=\"1024\" height=\"768\" src=\"https:\/\/ljusljudmusik.com\/wp-content\/uploads\/2021\/09\/20210925_124004-1024x768.jpg\" alt=\"\" data-id=\"221\" data-full-url=\"https:\/\/ljusljudmusik.com\/wp-content\/uploads\/2021\/09\/20210925_124004.jpg\" data-link=\"https:\/\/ljusljudmusik.com\/index.php\/2021\/09\/27\/kreativ-helg-musikvideo\/20210925_124004\/\" class=\"wp-image-221\" srcset=\"https:\/\/ljusljudmusik.com\/wp-content\/uploads\/2021\/09\/20210925_124004-1024x768.jpg 1024w, https:\/\/ljusljudmusik.com\/wp-content\/uploads\/2021\/09\/20210925_124004-300x225.jpg 300w, https:\/\/ljusljudmusik.com\/wp-content\/uploads\/2021\/09\/20210925_124004-768x576.jpg 768w, https:\/\/ljusljudmusik.com\/wp-content\/uploads\/2021\/09\/20210925_124004-1536x1152.jpg 1536w, https:\/\/ljusljudmusik.com\/wp-content\/uploads\/2021\/09\/20210925_124004-1568x1176.jpg 1568w, https:\/\/ljusljudmusik.com\/wp-content\/uploads\/2021\/09\/20210925_124004.jpg 1612w\" sizes=\"(max-width: 1024px) 100vw, 1024px\" \/><\/figure><\/li><li class=\"blocks-gallery-item\"><figure><img loading=\"lazy\" width=\"768\" height=\"1024\" src=\"https:\/\/ljusljudmusik.com\/wp-content\/uploads\/2021\/09\/20210915_101932-768x1024.jpg\" alt=\"\" data-id=\"218\" data-full-url=\"https:\/\/ljusljudmusik.com\/wp-content\/uploads\/2021\/09\/20210915_101932.jpg\" data-link=\"https:\/\/ljusljudmusik.com\/index.php\/2021\/09\/24\/det-klarnar-upp\/20210915_101932\/\" class=\"wp-image-218\" srcset=\"https:\/\/ljusljudmusik.com\/wp-content\/uploads\/2021\/09\/20210915_101932-768x1024.jpg 768w, https:\/\/ljusljudmusik.com\/wp-content\/uploads\/2021\/09\/20210915_101932-225x300.jpg 225w, https:\/\/ljusljudmusik.com\/wp-content\/uploads\/2021\/09\/20210915_101932-1152x1536.jpg 1152w, https:\/\/ljusljudmusik.com\/wp-content\/uploads\/2021\/09\/20210915_101932.jpg 1209w\" sizes=\"(max-width: 768px) 100vw, 768px\" \/><\/figure><\/li><\/ul><\/figure>\n\n\n\n<p>Det \u00e4r l\u00e4tt att bli f\u00f6rtjust i f\u00e4rgerna nu p\u00e5 h\u00f6sten. Sprakande och starka. Under helgen s\u00e5 var v\u00e4dret p\u00e5 topp och det hade torkat upp s\u00e5 pass att vi kunde bege oss ut p\u00e5 inspelningsplatsen med tidsenlig kostym och rekvisita i h\u00f6gsta hugg badande i solsken.  Tidigt i v\u00e5ras b\u00f6rjade vi med planeringen f\u00f6r detta. Diktsamlingen &#8220;Svit till h\u00e4sten&#8221; av Helena J Fransson \u00e4r det som ligger till grund f\u00f6r detta. Stilen i just denna dikt \u00e4r inspirerad av Lucy Maud Montgomery. Det \u00e4r tredje dikten som vi jobba med. Den f\u00f6rsta finns h\u00e4r vi kallar den f\u00f6r &#8220;h\u00e5rfagre&#8221; <a href=\"https:\/\/www.youtube.com\/watch?v=1Y6K-5ddJ6A\">https:\/\/www.youtube.com\/watch?v=1Y6K-5ddJ6A<\/a> den andra &#8220;G\u00e5va&#8221; \u00e4r p\u00e5 g\u00e5ng.  Det \u00e4r m\u00e5nga bitar som skall falla p\u00e5 plats innan det \u00e4r dax att filma. Det h\u00e4r bilderna \u00e4r fr\u00e5n den f\u00f6rsta dagen och det kommer att kr\u00e4vas ett par dagar till, minst.  Vi anv\u00e4nder oss fr\u00e4mst av Canon EOS C300 som kameror med Canon CN-E18-80mm och Canon Servo Grip ZSG-C10, f\u00f6r bra bildkvalitet. Nu hoppas vi p\u00e5 en eller ett par h\u00f6stdagar i str\u00e5lande solsken s\u00e5 att vi kan forts\u00e4tta med inspelningarna. Men h\u00e4r \u00e4r v\u00e4gen m\u00e5let.<\/p>\n","protected":false},"excerpt":{"rendered":"<p>Det \u00e4r l\u00e4tt att bli f\u00f6rtjust i f\u00e4rgerna nu p\u00e5 h\u00f6sten. Sprakande och starka. Under helgen s\u00e5 var v\u00e4dret p\u00e5 topp och det hade torkat upp s\u00e5 pass att vi kunde bege oss ut p\u00e5 inspelningsplatsen med tidsenlig kostym och rekvisita i h\u00f6gsta hugg badande i solsken. Tidigt i v\u00e5ras b\u00f6rjade vi med planeringen f\u00f6r&hellip; <a class=\"more-link\" href=\"https:\/\/ljusljudmusik.com\/index.php\/2021\/09\/30\/vagen-ar-malet\/\">Forts\u00e4tt l\u00e4sa <span class=\"screen-reader-text\">V\u00e4gen \u00e4r m\u00e5let<\/span><\/a><\/p>\n","protected":false},"author":1,"featured_media":0,"comment_status":"open","ping_status":"open","sticky":false,"template":"","format":"standard","meta":[],"categories":[1],"tags":[],"_links":{"self":[{"href":"https:\/\/ljusljudmusik.com\/index.php\/wp-json\/wp\/v2\/posts\/248"}],"collection":[{"href":"https:\/\/ljusljudmusik.com\/index.php\/wp-json\/wp\/v2\/posts"}],"about":[{"href":"https:\/\/ljusljudmusik.com\/index.php\/wp-json\/wp\/v2\/types\/post"}],"author":[{"embeddable":true,"href":"https:\/\/ljusljudmusik.com\/index.php\/wp-json\/wp\/v2\/users\/1"}],"replies":[{"embeddable":true,"href":"https:\/\/ljusljudmusik.com\/index.php\/wp-json\/wp\/v2\/comments?post=248"}],"version-history":[{"count":1,"href":"https:\/\/ljusljudmusik.com\/index.php\/wp-json\/wp\/v2\/posts\/248\/revisions"}],"predecessor-version":[{"id":249,"href":"https:\/\/ljusljudmusik.com\/index.php\/wp-json\/wp\/v2\/posts\/248\/revisions\/249"}],"wp:attachment":[{"href":"https:\/\/ljusljudmusik.com\/index.php\/wp-json\/wp\/v2\/media?parent=248"}],"wp:term":[{"taxonomy":"category","embeddable":true,"href":"https:\/\/ljusljudmusik.com\/index.php\/wp-json\/wp\/v2\/categories?post=248"},{"taxonomy":"post_tag","embeddable":true,"href":"https:\/\/ljusljudmusik.com\/index.php\/wp-json\/wp\/v2\/tags?post=248"}],"curies":[{"name":"wp","href":"https:\/\/api.w.org\/{rel}","templated":true}]}}