{"id":188,"date":"2021-09-22T10:05:37","date_gmt":"2021-09-22T08:05:37","guid":{"rendered":"https:\/\/ljusljudmusik.com\/?p=188"},"modified":"2021-09-22T11:11:05","modified_gmt":"2021-09-22T09:11:05","slug":"forberedelser","status":"publish","type":"post","link":"https:\/\/ljusljudmusik.com\/index.php\/2021\/09\/22\/forberedelser\/","title":{"rendered":"F\u00f6rberedelser"},"content":{"rendered":"\n<figure class=\"wp-block-gallery columns-3 is-cropped\"><ul class=\"blocks-gallery-grid\"><li class=\"blocks-gallery-item\"><figure><img loading=\"lazy\" width=\"768\" height=\"1024\" src=\"https:\/\/ljusljudmusik.com\/wp-content\/uploads\/2021\/09\/20210915_102238-768x1024.jpg\" alt=\"\" data-id=\"191\" data-full-url=\"https:\/\/ljusljudmusik.com\/wp-content\/uploads\/2021\/09\/20210915_102238.jpg\" data-link=\"https:\/\/ljusljudmusik.com\/?attachment_id=191\" class=\"wp-image-191\" srcset=\"https:\/\/ljusljudmusik.com\/wp-content\/uploads\/2021\/09\/20210915_102238-768x1024.jpg 768w, https:\/\/ljusljudmusik.com\/wp-content\/uploads\/2021\/09\/20210915_102238-225x300.jpg 225w, https:\/\/ljusljudmusik.com\/wp-content\/uploads\/2021\/09\/20210915_102238-1152x1536.jpg 1152w, https:\/\/ljusljudmusik.com\/wp-content\/uploads\/2021\/09\/20210915_102238.jpg 1209w\" sizes=\"(max-width: 768px) 100vw, 768px\" \/><\/figure><\/li><li class=\"blocks-gallery-item\"><figure><img loading=\"lazy\" width=\"768\" height=\"1024\" src=\"https:\/\/ljusljudmusik.com\/wp-content\/uploads\/2021\/09\/20210922_093700-768x1024.jpg\" alt=\"\" data-id=\"190\" data-full-url=\"https:\/\/ljusljudmusik.com\/wp-content\/uploads\/2021\/09\/20210922_093700.jpg\" data-link=\"https:\/\/ljusljudmusik.com\/?attachment_id=190\" class=\"wp-image-190\" srcset=\"https:\/\/ljusljudmusik.com\/wp-content\/uploads\/2021\/09\/20210922_093700-768x1024.jpg 768w, https:\/\/ljusljudmusik.com\/wp-content\/uploads\/2021\/09\/20210922_093700-225x300.jpg 225w, https:\/\/ljusljudmusik.com\/wp-content\/uploads\/2021\/09\/20210922_093700-1152x1536.jpg 1152w, https:\/\/ljusljudmusik.com\/wp-content\/uploads\/2021\/09\/20210922_093700.jpg 1209w\" sizes=\"(max-width: 768px) 100vw, 768px\" \/><\/figure><\/li><li class=\"blocks-gallery-item\"><figure><img loading=\"lazy\" width=\"768\" height=\"1024\" src=\"https:\/\/ljusljudmusik.com\/wp-content\/uploads\/2021\/09\/20210922_093756-768x1024.jpg\" alt=\"\" data-id=\"189\" data-full-url=\"https:\/\/ljusljudmusik.com\/wp-content\/uploads\/2021\/09\/20210922_093756.jpg\" data-link=\"https:\/\/ljusljudmusik.com\/?attachment_id=189\" class=\"wp-image-189\" srcset=\"https:\/\/ljusljudmusik.com\/wp-content\/uploads\/2021\/09\/20210922_093756-768x1024.jpg 768w, https:\/\/ljusljudmusik.com\/wp-content\/uploads\/2021\/09\/20210922_093756-225x300.jpg 225w, https:\/\/ljusljudmusik.com\/wp-content\/uploads\/2021\/09\/20210922_093756-1152x1536.jpg 1152w, https:\/\/ljusljudmusik.com\/wp-content\/uploads\/2021\/09\/20210922_093756.jpg 1209w\" sizes=\"(max-width: 768px) 100vw, 768px\" \/><\/figure><\/li><\/ul><\/figure>\n\n\n\n<p>F\u00f6rberedelser f\u00f6r Gagnefs Kommuns kommunfullm\u00e4ktige som skall livestreamas n\u00e4sta vecka. Inledningsvisa texter och avslutande texter f\u00f6rbereds, resten av inneh\u00e5llet f\u00e5r kommunpolitikerna och inbjudna f\u00f6redragare st\u00e5 f\u00f6r \ud83d\ude00<br>Tidigare har vi rekat milj\u00f6er f\u00f6r film\/videoprojektet som vi skall g\u00f6ra under de n\u00e4rmaste dagarna. Har hittat en perfekt plats och har tillst\u00e5nd av mark\u00e4garen att trampa p\u00e5 d\u00e4r. Hoppas p\u00e5 fina h\u00f6stdagar i slutet av veckan, d\u00e5 det \u00e4r helt avh\u00e4ngt p\u00e5 finv\u00e4der, l\u00e5nga kl\u00e4nningar, vackra damer och fantastiska vagnar.<\/p>\n","protected":false},"excerpt":{"rendered":"<p>F\u00f6rberedelser f\u00f6r Gagnefs Kommuns kommunfullm\u00e4ktige som skall livestreamas n\u00e4sta vecka. Inledningsvisa texter och avslutande texter f\u00f6rbereds, resten av inneh\u00e5llet f\u00e5r kommunpolitikerna och inbjudna f\u00f6redragare st\u00e5 f\u00f6r \ud83d\ude00Tidigare har vi rekat milj\u00f6er f\u00f6r film\/videoprojektet som vi skall g\u00f6ra under de n\u00e4rmaste dagarna. Har hittat en perfekt plats och har tillst\u00e5nd av mark\u00e4garen att trampa p\u00e5 d\u00e4r.&hellip; <a class=\"more-link\" href=\"https:\/\/ljusljudmusik.com\/index.php\/2021\/09\/22\/forberedelser\/\">Forts\u00e4tt l\u00e4sa <span class=\"screen-reader-text\">F\u00f6rberedelser<\/span><\/a><\/p>\n","protected":false},"author":1,"featured_media":0,"comment_status":"open","ping_status":"open","sticky":false,"template":"","format":"standard","meta":[],"categories":[1],"tags":[],"_links":{"self":[{"href":"https:\/\/ljusljudmusik.com\/index.php\/wp-json\/wp\/v2\/posts\/188"}],"collection":[{"href":"https:\/\/ljusljudmusik.com\/index.php\/wp-json\/wp\/v2\/posts"}],"about":[{"href":"https:\/\/ljusljudmusik.com\/index.php\/wp-json\/wp\/v2\/types\/post"}],"author":[{"embeddable":true,"href":"https:\/\/ljusljudmusik.com\/index.php\/wp-json\/wp\/v2\/users\/1"}],"replies":[{"embeddable":true,"href":"https:\/\/ljusljudmusik.com\/index.php\/wp-json\/wp\/v2\/comments?post=188"}],"version-history":[{"count":4,"href":"https:\/\/ljusljudmusik.com\/index.php\/wp-json\/wp\/v2\/posts\/188\/revisions"}],"predecessor-version":[{"id":203,"href":"https:\/\/ljusljudmusik.com\/index.php\/wp-json\/wp\/v2\/posts\/188\/revisions\/203"}],"wp:attachment":[{"href":"https:\/\/ljusljudmusik.com\/index.php\/wp-json\/wp\/v2\/media?parent=188"}],"wp:term":[{"taxonomy":"category","embeddable":true,"href":"https:\/\/ljusljudmusik.com\/index.php\/wp-json\/wp\/v2\/categories?post=188"},{"taxonomy":"post_tag","embeddable":true,"href":"https:\/\/ljusljudmusik.com\/index.php\/wp-json\/wp\/v2\/tags?post=188"}],"curies":[{"name":"wp","href":"https:\/\/api.w.org\/{rel}","templated":true}]}}