{"id":159,"date":"2021-09-13T13:07:47","date_gmt":"2021-09-13T11:07:47","guid":{"rendered":"https:\/\/ljusljudmusik.com\/?p=159"},"modified":"2021-09-13T13:07:47","modified_gmt":"2021-09-13T11:07:47","slug":"sagan-om-mirlandet-2","status":"publish","type":"post","link":"https:\/\/ljusljudmusik.com\/index.php\/2021\/09\/13\/sagan-om-mirlandet-2\/","title":{"rendered":"Sagan om Mirlandet"},"content":{"rendered":"\n<div class=\"wp-block-media-text alignwide is-stacked-on-mobile is-vertically-aligned-top\"><figure class=\"wp-block-media-text__media\"><img loading=\"lazy\" width=\"1024\" height=\"1024\" src=\"https:\/\/ljusljudmusik.com\/wp-content\/uploads\/2021\/09\/IMG_20210731_000506_071-1024x1024.jpg\" alt=\"\" class=\"wp-image-158 size-full\" srcset=\"https:\/\/ljusljudmusik.com\/wp-content\/uploads\/2021\/09\/IMG_20210731_000506_071-1024x1024.jpg 1024w, https:\/\/ljusljudmusik.com\/wp-content\/uploads\/2021\/09\/IMG_20210731_000506_071-300x300.jpg 300w, https:\/\/ljusljudmusik.com\/wp-content\/uploads\/2021\/09\/IMG_20210731_000506_071-150x150.jpg 150w, https:\/\/ljusljudmusik.com\/wp-content\/uploads\/2021\/09\/IMG_20210731_000506_071-768x768.jpg 768w, https:\/\/ljusljudmusik.com\/wp-content\/uploads\/2021\/09\/IMG_20210731_000506_071.jpg 1080w\" sizes=\"(max-width: 1024px) 100vw, 1024px\" \/><\/figure><div class=\"wp-block-media-text__content\">\n<p class=\"has-large-font-size\">Svenska delen av Sagan om Mirlandet \u00e4r klar, nu kan f\u00f6rskolor och skolor i Dalarna best\u00e4lla\/streama den p\u00e5 AV-Media, Dalarnas Kommunf\u00f6rbund.<\/p>\n<\/div><\/div>\n","protected":false},"excerpt":{"rendered":"<p>Svenska delen av Sagan om Mirlandet \u00e4r klar, nu kan f\u00f6rskolor och skolor i Dalarna best\u00e4lla\/streama den p\u00e5 AV-Media, Dalarnas Kommunf\u00f6rbund.<\/p>\n","protected":false},"author":1,"featured_media":0,"comment_status":"open","ping_status":"open","sticky":false,"template":"","format":"standard","meta":[],"categories":[1],"tags":[],"_links":{"self":[{"href":"https:\/\/ljusljudmusik.com\/index.php\/wp-json\/wp\/v2\/posts\/159"}],"collection":[{"href":"https:\/\/ljusljudmusik.com\/index.php\/wp-json\/wp\/v2\/posts"}],"about":[{"href":"https:\/\/ljusljudmusik.com\/index.php\/wp-json\/wp\/v2\/types\/post"}],"author":[{"embeddable":true,"href":"https:\/\/ljusljudmusik.com\/index.php\/wp-json\/wp\/v2\/users\/1"}],"replies":[{"embeddable":true,"href":"https:\/\/ljusljudmusik.com\/index.php\/wp-json\/wp\/v2\/comments?post=159"}],"version-history":[{"count":1,"href":"https:\/\/ljusljudmusik.com\/index.php\/wp-json\/wp\/v2\/posts\/159\/revisions"}],"predecessor-version":[{"id":160,"href":"https:\/\/ljusljudmusik.com\/index.php\/wp-json\/wp\/v2\/posts\/159\/revisions\/160"}],"wp:attachment":[{"href":"https:\/\/ljusljudmusik.com\/index.php\/wp-json\/wp\/v2\/media?parent=159"}],"wp:term":[{"taxonomy":"category","embeddable":true,"href":"https:\/\/ljusljudmusik.com\/index.php\/wp-json\/wp\/v2\/categories?post=159"},{"taxonomy":"post_tag","embeddable":true,"href":"https:\/\/ljusljudmusik.com\/index.php\/wp-json\/wp\/v2\/tags?post=159"}],"curies":[{"name":"wp","href":"https:\/\/api.w.org\/{rel}","templated":true}]}}