{"id":154,"date":"2021-08-13T16:09:15","date_gmt":"2021-08-13T14:09:15","guid":{"rendered":"https:\/\/ljusljudmusik.com\/?p=154"},"modified":"2021-08-13T16:09:15","modified_gmt":"2021-08-13T14:09:15","slug":"sagan-om-mirlandet","status":"publish","type":"post","link":"https:\/\/ljusljudmusik.com\/index.php\/2021\/08\/13\/sagan-om-mirlandet\/","title":{"rendered":"Sagan om Mirlandet"},"content":{"rendered":"\n<figure class=\"wp-block-gallery columns-2 is-cropped\"><ul class=\"blocks-gallery-grid\"><li class=\"blocks-gallery-item\"><figure><img loading=\"lazy\" width=\"1024\" height=\"768\" src=\"https:\/\/ljusljudmusik.com\/wp-content\/uploads\/2021\/08\/20210813_103314-1024x768.jpg\" alt=\"\" data-id=\"145\" data-full-url=\"https:\/\/ljusljudmusik.com\/wp-content\/uploads\/2021\/08\/20210813_103314.jpg\" data-link=\"https:\/\/ljusljudmusik.com\/index.php\/2021\/08\/13\/dala-floda-operafest\/20210813_103314\/\" class=\"wp-image-145\" srcset=\"https:\/\/ljusljudmusik.com\/wp-content\/uploads\/2021\/08\/20210813_103314-1024x768.jpg 1024w, https:\/\/ljusljudmusik.com\/wp-content\/uploads\/2021\/08\/20210813_103314-300x225.jpg 300w, https:\/\/ljusljudmusik.com\/wp-content\/uploads\/2021\/08\/20210813_103314-768x576.jpg 768w, https:\/\/ljusljudmusik.com\/wp-content\/uploads\/2021\/08\/20210813_103314-1536x1152.jpg 1536w, https:\/\/ljusljudmusik.com\/wp-content\/uploads\/2021\/08\/20210813_103314-1568x1176.jpg 1568w, https:\/\/ljusljudmusik.com\/wp-content\/uploads\/2021\/08\/20210813_103314.jpg 1843w\" sizes=\"(max-width: 1024px) 100vw, 1024px\" \/><figcaption class=\"blocks-gallery-item__caption\">F\u00f6rberedelser f\u00f6r premi\u00e4rvisning <\/figcaption><\/figure><\/li><li class=\"blocks-gallery-item\"><figure><img loading=\"lazy\" width=\"1024\" height=\"768\" src=\"https:\/\/ljusljudmusik.com\/wp-content\/uploads\/2021\/08\/20210813_111755-1-1024x768.jpg\" alt=\"\" data-id=\"143\" data-full-url=\"https:\/\/ljusljudmusik.com\/wp-content\/uploads\/2021\/08\/20210813_111755-1.jpg\" data-link=\"https:\/\/ljusljudmusik.com\/index.php\/2021\/08\/13\/dala-floda-operafest\/20210813_111755-1\/\" class=\"wp-image-143\" srcset=\"https:\/\/ljusljudmusik.com\/wp-content\/uploads\/2021\/08\/20210813_111755-1-1024x768.jpg 1024w, https:\/\/ljusljudmusik.com\/wp-content\/uploads\/2021\/08\/20210813_111755-1-300x225.jpg 300w, https:\/\/ljusljudmusik.com\/wp-content\/uploads\/2021\/08\/20210813_111755-1-768x576.jpg 768w, https:\/\/ljusljudmusik.com\/wp-content\/uploads\/2021\/08\/20210813_111755-1-1536x1152.jpg 1536w, https:\/\/ljusljudmusik.com\/wp-content\/uploads\/2021\/08\/20210813_111755-1-1568x1176.jpg 1568w, https:\/\/ljusljudmusik.com\/wp-content\/uploads\/2021\/08\/20210813_111755-1.jpg 1612w\" sizes=\"(max-width: 1024px) 100vw, 1024px\" \/><figcaption class=\"blocks-gallery-item__caption\">Trollen fr\u00e5n dalen strax ovanf\u00f6r Mirlandet<\/figcaption><\/figure><\/li><\/ul><\/figure>\n\n\n\n<p>Under 2020\/2021 har vi spelat in film, premi\u00e4r 2021-08-14.<\/p>\n","protected":false},"excerpt":{"rendered":"<p>Under 2020\/2021 har vi spelat in film, premi\u00e4r 2021-08-14.<\/p>\n","protected":false},"author":1,"featured_media":0,"comment_status":"open","ping_status":"open","sticky":false,"template":"","format":"standard","meta":[],"categories":[1],"tags":[],"_links":{"self":[{"href":"https:\/\/ljusljudmusik.com\/index.php\/wp-json\/wp\/v2\/posts\/154"}],"collection":[{"href":"https:\/\/ljusljudmusik.com\/index.php\/wp-json\/wp\/v2\/posts"}],"about":[{"href":"https:\/\/ljusljudmusik.com\/index.php\/wp-json\/wp\/v2\/types\/post"}],"author":[{"embeddable":true,"href":"https:\/\/ljusljudmusik.com\/index.php\/wp-json\/wp\/v2\/users\/1"}],"replies":[{"embeddable":true,"href":"https:\/\/ljusljudmusik.com\/index.php\/wp-json\/wp\/v2\/comments?post=154"}],"version-history":[{"count":1,"href":"https:\/\/ljusljudmusik.com\/index.php\/wp-json\/wp\/v2\/posts\/154\/revisions"}],"predecessor-version":[{"id":155,"href":"https:\/\/ljusljudmusik.com\/index.php\/wp-json\/wp\/v2\/posts\/154\/revisions\/155"}],"wp:attachment":[{"href":"https:\/\/ljusljudmusik.com\/index.php\/wp-json\/wp\/v2\/media?parent=154"}],"wp:term":[{"taxonomy":"category","embeddable":true,"href":"https:\/\/ljusljudmusik.com\/index.php\/wp-json\/wp\/v2\/categories?post=154"},{"taxonomy":"post_tag","embeddable":true,"href":"https:\/\/ljusljudmusik.com\/index.php\/wp-json\/wp\/v2\/tags?post=154"}],"curies":[{"name":"wp","href":"https:\/\/api.w.org\/{rel}","templated":true}]}}