{"id":142,"date":"2021-08-13T15:54:53","date_gmt":"2021-08-13T13:54:53","guid":{"rendered":"https:\/\/ljusljudmusik.com\/?p=142"},"modified":"2021-08-13T16:03:28","modified_gmt":"2021-08-13T14:03:28","slug":"dala-floda-operafest","status":"publish","type":"post","link":"https:\/\/ljusljudmusik.com\/index.php\/2021\/08\/13\/dala-floda-operafest\/","title":{"rendered":"Dala-Floda Operafest"},"content":{"rendered":"\n<figure class=\"wp-block-gallery columns-3 is-cropped\"><ul class=\"blocks-gallery-grid\"><li class=\"blocks-gallery-item\"><figure><img loading=\"lazy\" width=\"768\" height=\"1024\" src=\"https:\/\/ljusljudmusik.com\/wp-content\/uploads\/2021\/08\/20210806_113452-768x1024.jpg\" alt=\"\" data-id=\"144\" data-full-url=\"https:\/\/ljusljudmusik.com\/wp-content\/uploads\/2021\/08\/20210806_113452.jpg\" data-link=\"https:\/\/ljusljudmusik.com\/index.php\/2021\/08\/13\/dala-floda-operafest\/20210806_113452\/\" class=\"wp-image-144\" srcset=\"https:\/\/ljusljudmusik.com\/wp-content\/uploads\/2021\/08\/20210806_113452-768x1024.jpg 768w, https:\/\/ljusljudmusik.com\/wp-content\/uploads\/2021\/08\/20210806_113452-225x300.jpg 225w, https:\/\/ljusljudmusik.com\/wp-content\/uploads\/2021\/08\/20210806_113452-1152x1536.jpg 1152w, https:\/\/ljusljudmusik.com\/wp-content\/uploads\/2021\/08\/20210806_113452.jpg 1209w\" sizes=\"(max-width: 768px) 100vw, 768px\" \/><figcaption class=\"blocks-gallery-item__caption\">Bildmixer Dala-Floda Opersfest<\/figcaption><\/figure><\/li><li class=\"blocks-gallery-item\"><figure><img loading=\"lazy\" width=\"1024\" height=\"768\" src=\"https:\/\/ljusljudmusik.com\/wp-content\/uploads\/2021\/08\/20210806_200947-1-1024x768.jpg\" alt=\"\" data-id=\"146\" data-full-url=\"https:\/\/ljusljudmusik.com\/wp-content\/uploads\/2021\/08\/20210806_200947-1.jpg\" data-link=\"https:\/\/ljusljudmusik.com\/index.php\/2021\/08\/13\/dala-floda-operafest\/20210806_200947-1\/\" class=\"wp-image-146\" srcset=\"https:\/\/ljusljudmusik.com\/wp-content\/uploads\/2021\/08\/20210806_200947-1-1024x768.jpg 1024w, https:\/\/ljusljudmusik.com\/wp-content\/uploads\/2021\/08\/20210806_200947-1-300x225.jpg 300w, https:\/\/ljusljudmusik.com\/wp-content\/uploads\/2021\/08\/20210806_200947-1-768x576.jpg 768w, https:\/\/ljusljudmusik.com\/wp-content\/uploads\/2021\/08\/20210806_200947-1-1536x1152.jpg 1536w, https:\/\/ljusljudmusik.com\/wp-content\/uploads\/2021\/08\/20210806_200947-1-1568x1176.jpg 1568w, https:\/\/ljusljudmusik.com\/wp-content\/uploads\/2021\/08\/20210806_200947-1.jpg 1612w\" sizes=\"(max-width: 1024px) 100vw, 1024px\" \/><figcaption class=\"blocks-gallery-item__caption\">Delar av CREW<\/figcaption><\/figure><\/li><li class=\"blocks-gallery-item\"><figure><img loading=\"lazy\" width=\"768\" height=\"1024\" src=\"https:\/\/ljusljudmusik.com\/wp-content\/uploads\/2021\/08\/20210806_175131-1-768x1024.jpg\" alt=\"\" data-id=\"148\" data-full-url=\"https:\/\/ljusljudmusik.com\/wp-content\/uploads\/2021\/08\/20210806_175131-1.jpg\" data-link=\"https:\/\/ljusljudmusik.com\/20210806_175131-1\/\" class=\"wp-image-148\" srcset=\"https:\/\/ljusljudmusik.com\/wp-content\/uploads\/2021\/08\/20210806_175131-1-768x1024.jpg 768w, https:\/\/ljusljudmusik.com\/wp-content\/uploads\/2021\/08\/20210806_175131-1-225x300.jpg 225w, https:\/\/ljusljudmusik.com\/wp-content\/uploads\/2021\/08\/20210806_175131-1-1152x1536.jpg 1152w, https:\/\/ljusljudmusik.com\/wp-content\/uploads\/2021\/08\/20210806_175131-1.jpg 1209w\" sizes=\"(max-width: 768px) 100vw, 768px\" \/><\/figure><\/li><li class=\"blocks-gallery-item\"><figure><img loading=\"lazy\" width=\"768\" height=\"1024\" src=\"https:\/\/ljusljudmusik.com\/wp-content\/uploads\/2021\/08\/20210804_212009-768x1024.jpg\" alt=\"\" data-id=\"149\" data-full-url=\"https:\/\/ljusljudmusik.com\/wp-content\/uploads\/2021\/08\/20210804_212009.jpg\" data-link=\"https:\/\/ljusljudmusik.com\/20210804_212009\/\" class=\"wp-image-149\" srcset=\"https:\/\/ljusljudmusik.com\/wp-content\/uploads\/2021\/08\/20210804_212009-768x1024.jpg 768w, https:\/\/ljusljudmusik.com\/wp-content\/uploads\/2021\/08\/20210804_212009-225x300.jpg 225w, https:\/\/ljusljudmusik.com\/wp-content\/uploads\/2021\/08\/20210804_212009-1152x1536.jpg 1152w, https:\/\/ljusljudmusik.com\/wp-content\/uploads\/2021\/08\/20210804_212009.jpg 1209w\" sizes=\"(max-width: 768px) 100vw, 768px\" \/><figcaption class=\"blocks-gallery-item__caption\">Livestreamning La Boh\u00e9me<\/figcaption><\/figure><\/li><li class=\"blocks-gallery-item\"><figure><img loading=\"lazy\" width=\"1024\" height=\"768\" src=\"https:\/\/ljusljudmusik.com\/wp-content\/uploads\/2021\/08\/20210801_170627-1024x768.jpg\" alt=\"\" data-id=\"150\" data-full-url=\"https:\/\/ljusljudmusik.com\/wp-content\/uploads\/2021\/08\/20210801_170627.jpg\" data-link=\"https:\/\/ljusljudmusik.com\/20210801_170627\/\" class=\"wp-image-150\" srcset=\"https:\/\/ljusljudmusik.com\/wp-content\/uploads\/2021\/08\/20210801_170627-1024x768.jpg 1024w, https:\/\/ljusljudmusik.com\/wp-content\/uploads\/2021\/08\/20210801_170627-300x225.jpg 300w, https:\/\/ljusljudmusik.com\/wp-content\/uploads\/2021\/08\/20210801_170627-768x576.jpg 768w, https:\/\/ljusljudmusik.com\/wp-content\/uploads\/2021\/08\/20210801_170627-1536x1152.jpg 1536w, https:\/\/ljusljudmusik.com\/wp-content\/uploads\/2021\/08\/20210801_170627-1568x1176.jpg 1568w, https:\/\/ljusljudmusik.com\/wp-content\/uploads\/2021\/08\/20210801_170627.jpg 1612w\" sizes=\"(max-width: 1024px) 100vw, 1024px\" \/><figcaption class=\"blocks-gallery-item__caption\">Dala Sinfoniettan Byns Mats och Zinat Pirzadeh<\/figcaption><\/figure><\/li><li class=\"blocks-gallery-item\"><figure><img loading=\"lazy\" width=\"768\" height=\"1024\" src=\"https:\/\/ljusljudmusik.com\/wp-content\/uploads\/2021\/08\/20210801_164240-768x1024.jpg\" alt=\"\" data-id=\"151\" data-full-url=\"https:\/\/ljusljudmusik.com\/wp-content\/uploads\/2021\/08\/20210801_164240.jpg\" data-link=\"https:\/\/ljusljudmusik.com\/20210801_164240\/\" class=\"wp-image-151\" srcset=\"https:\/\/ljusljudmusik.com\/wp-content\/uploads\/2021\/08\/20210801_164240-768x1024.jpg 768w, https:\/\/ljusljudmusik.com\/wp-content\/uploads\/2021\/08\/20210801_164240-225x300.jpg 225w, https:\/\/ljusljudmusik.com\/wp-content\/uploads\/2021\/08\/20210801_164240-1152x1536.jpg 1152w, https:\/\/ljusljudmusik.com\/wp-content\/uploads\/2021\/08\/20210801_164240.jpg 1209w\" sizes=\"(max-width: 768px) 100vw, 768px\" \/><figcaption class=\"blocks-gallery-item__caption\">Sporthallen i Mockfj\u00e4rd Inspelning Dala-Sinfoniettan<\/figcaption><\/figure><\/li><\/ul><\/figure>\n\n\n\n<p>Under kategorin  Coronas\u00e4krade evenemang 2021 g\u00e5r Dala-Floda operafest. Ljud och inspelning Dalasinfoniettan, Ljus, inspelning och livestreamning La Boh\u00e9me. Ljud och inspelning Turandot.<\/p>\n","protected":false},"excerpt":{"rendered":"<p>Under kategorin Coronas\u00e4krade evenemang 2021 g\u00e5r Dala-Floda operafest. Ljud och inspelning Dalasinfoniettan, Ljus, inspelning och livestreamning La Boh\u00e9me. Ljud och inspelning Turandot.<\/p>\n","protected":false},"author":1,"featured_media":0,"comment_status":"open","ping_status":"open","sticky":false,"template":"","format":"standard","meta":[],"categories":[1],"tags":[],"_links":{"self":[{"href":"https:\/\/ljusljudmusik.com\/index.php\/wp-json\/wp\/v2\/posts\/142"}],"collection":[{"href":"https:\/\/ljusljudmusik.com\/index.php\/wp-json\/wp\/v2\/posts"}],"about":[{"href":"https:\/\/ljusljudmusik.com\/index.php\/wp-json\/wp\/v2\/types\/post"}],"author":[{"embeddable":true,"href":"https:\/\/ljusljudmusik.com\/index.php\/wp-json\/wp\/v2\/users\/1"}],"replies":[{"embeddable":true,"href":"https:\/\/ljusljudmusik.com\/index.php\/wp-json\/wp\/v2\/comments?post=142"}],"version-history":[{"count":2,"href":"https:\/\/ljusljudmusik.com\/index.php\/wp-json\/wp\/v2\/posts\/142\/revisions"}],"predecessor-version":[{"id":153,"href":"https:\/\/ljusljudmusik.com\/index.php\/wp-json\/wp\/v2\/posts\/142\/revisions\/153"}],"wp:attachment":[{"href":"https:\/\/ljusljudmusik.com\/index.php\/wp-json\/wp\/v2\/media?parent=142"}],"wp:term":[{"taxonomy":"category","embeddable":true,"href":"https:\/\/ljusljudmusik.com\/index.php\/wp-json\/wp\/v2\/categories?post=142"},{"taxonomy":"post_tag","embeddable":true,"href":"https:\/\/ljusljudmusik.com\/index.php\/wp-json\/wp\/v2\/tags?post=142"}],"curies":[{"name":"wp","href":"https:\/\/api.w.org\/{rel}","templated":true}]}}